[{"@context":"https:\/\/schema.org\/","@type":"Blog","@id":"https:\/\/www.kujooni.cz#Blog","headline":"Kujooni","description":"\nN\u011bkdy je tr\u00e1pen\u00ed se probl\u00e9my nevyhnuteln\u00e9, ale n\u011bkdy je tomu jinak. A pokud se daj\u00ed trable vy\u0159e\u0161it vyu\u017eit\u00edm tohoto webu, pro\u010d tu mo\u017enost nevyu\u017e\u00edt?","url":"https:\/\/www.kujooni.cz","hasPart":[{"@type":"Article","@id":"https:\/\/www.kujooni.cz\/kvalitni-napoj-pro-kazdy-den\/","headline":"Kvalitn\u00ed n\u00e1poj pro ka\u017ed\u00fd den","url":"https:\/\/www.kujooni.cz\/kvalitni-napoj-pro-kazdy-den\/","datePublished":"2025-08-26","dateModified":"2025-08-26","mainEntityOfPage":"https:\/\/www.kujooni.cz\/kvalitni-napoj-pro-kazdy-den\/","author":{"@type":"Person","@id":"https:\/\/www.kujooni.cz\/author\/#Person","name":"","url":"https:\/\/www.kujooni.cz\/author\/","identifier":1,"image":{"@type":"ImageObject","@id":"https:\/\/secure.gravatar.com\/avatar\/4b051168bd2ace843d503d3432ebc4a96ac13303845197b3f2a2634cb21029f6?s=96&d=mm&r=g","url":"https:\/\/secure.gravatar.com\/avatar\/4b051168bd2ace843d503d3432ebc4a96ac13303845197b3f2a2634cb21029f6?s=96&d=mm&r=g","height":96,"width":96}},"publisher":{"@type":"Organization","name":"kujooni.cz","logo":{"@type":"ImageObject","@id":"\/logo.png","url":"\/logo.png","width":600,"height":60}},"image":null,"wordCount":288,"keywords":null},{"@type":"Article","@id":"https:\/\/www.kujooni.cz\/a-budiz-svetlo\/","headline":"A budi\u017e sv\u011btlo","url":"https:\/\/www.kujooni.cz\/a-budiz-svetlo\/","datePublished":"2025-08-19","dateModified":"2025-08-19","mainEntityOfPage":"https:\/\/www.kujooni.cz\/a-budiz-svetlo\/","author":{"@type":"Person","@id":"https:\/\/www.kujooni.cz\/author\/#Person","name":"","url":"https:\/\/www.kujooni.cz\/author\/","identifier":1,"image":{"@type":"ImageObject","@id":"https:\/\/secure.gravatar.com\/avatar\/4b051168bd2ace843d503d3432ebc4a96ac13303845197b3f2a2634cb21029f6?s=96&d=mm&r=g","url":"https:\/\/secure.gravatar.com\/avatar\/4b051168bd2ace843d503d3432ebc4a96ac13303845197b3f2a2634cb21029f6?s=96&d=mm&r=g","height":96,"width":96}},"publisher":{"@type":"Organization","name":"kujooni.cz","logo":{"@type":"ImageObject","@id":"\/logo.png","url":"\/logo.png","width":600,"height":60}},"image":null,"wordCount":278,"keywords":null},{"@type":"Article","@id":"https:\/\/www.kujooni.cz\/blaho-vnimame-srdcem\/","headline":"Blaho vn\u00edm\u00e1me srdcem","url":"https:\/\/www.kujooni.cz\/blaho-vnimame-srdcem\/","datePublished":"2025-08-12","dateModified":"2025-08-12","mainEntityOfPage":"https:\/\/www.kujooni.cz\/blaho-vnimame-srdcem\/","author":{"@type":"Person","@id":"https:\/\/www.kujooni.cz\/author\/#Person","name":"","url":"https:\/\/www.kujooni.cz\/author\/","identifier":1,"image":{"@type":"ImageObject","@id":"https:\/\/secure.gravatar.com\/avatar\/4b051168bd2ace843d503d3432ebc4a96ac13303845197b3f2a2634cb21029f6?s=96&d=mm&r=g","url":"https:\/\/secure.gravatar.com\/avatar\/4b051168bd2ace843d503d3432ebc4a96ac13303845197b3f2a2634cb21029f6?s=96&d=mm&r=g","height":96,"width":96}},"publisher":{"@type":"Organization","name":"kujooni.cz","logo":{"@type":"ImageObject","@id":"\/logo.png","url":"\/logo.png","width":600,"height":60}},"image":null,"wordCount":253,"keywords":null},{"@type":"Article","@id":"https:\/\/www.kujooni.cz\/zpestreni-v-podobe-modernich-prvku\/","headline":"Zpest\u0159en\u00ed v podob\u011b modern\u00edch prvk\u016f","url":"https:\/\/www.kujooni.cz\/zpestreni-v-podobe-modernich-prvku\/","datePublished":"2025-08-07","dateModified":"2025-08-07","mainEntityOfPage":"https:\/\/www.kujooni.cz\/zpestreni-v-podobe-modernich-prvku\/","author":{"@type":"Person","@id":"https:\/\/www.kujooni.cz\/author\/#Person","name":"","url":"https:\/\/www.kujooni.cz\/author\/","identifier":1,"image":{"@type":"ImageObject","@id":"https:\/\/secure.gravatar.com\/avatar\/4b051168bd2ace843d503d3432ebc4a96ac13303845197b3f2a2634cb21029f6?s=96&d=mm&r=g","url":"https:\/\/secure.gravatar.com\/avatar\/4b051168bd2ace843d503d3432ebc4a96ac13303845197b3f2a2634cb21029f6?s=96&d=mm&r=g","height":96,"width":96}},"publisher":{"@type":"Organization","name":"kujooni.cz","logo":{"@type":"ImageObject","@id":"\/logo.png","url":"\/logo.png","width":600,"height":60}},"image":null,"wordCount":203,"keywords":null},{"@type":"Article","@id":"https:\/\/www.kujooni.cz\/ten-nejlepsi-darek\/","headline":"Ten nejlep\u0161\u00ed d\u00e1rek","url":"https:\/\/www.kujooni.cz\/ten-nejlepsi-darek\/","datePublished":"2025-08-03","dateModified":"2025-08-03","mainEntityOfPage":"https:\/\/www.kujooni.cz\/ten-nejlepsi-darek\/","author":{"@type":"Person","@id":"https:\/\/www.kujooni.cz\/author\/#Person","name":"","url":"https:\/\/www.kujooni.cz\/author\/","identifier":1,"image":{"@type":"ImageObject","@id":"https:\/\/secure.gravatar.com\/avatar\/4b051168bd2ace843d503d3432ebc4a96ac13303845197b3f2a2634cb21029f6?s=96&d=mm&r=g","url":"https:\/\/secure.gravatar.com\/avatar\/4b051168bd2ace843d503d3432ebc4a96ac13303845197b3f2a2634cb21029f6?s=96&d=mm&r=g","height":96,"width":96}},"publisher":{"@type":"Organization","name":"kujooni.cz","logo":{"@type":"ImageObject","@id":"\/logo.png","url":"\/logo.png","width":600,"height":60}},"image":null,"wordCount":208,"keywords":null},{"@type":"Article","@id":"https:\/\/www.kujooni.cz\/kdyz-dva-se-radi-maji\/","headline":"Kdy\u017e dva se r\u00e1di maj\u00ed","url":"https:\/\/www.kujooni.cz\/kdyz-dva-se-radi-maji\/","datePublished":"2025-07-28","dateModified":"2025-07-28","mainEntityOfPage":"https:\/\/www.kujooni.cz\/kdyz-dva-se-radi-maji\/","author":{"@type":"Person","@id":"https:\/\/www.kujooni.cz\/author\/#Person","name":"","url":"https:\/\/www.kujooni.cz\/author\/","identifier":1,"image":{"@type":"ImageObject","@id":"https:\/\/secure.gravatar.com\/avatar\/4b051168bd2ace843d503d3432ebc4a96ac13303845197b3f2a2634cb21029f6?s=96&d=mm&r=g","url":"https:\/\/secure.gravatar.com\/avatar\/4b051168bd2ace843d503d3432ebc4a96ac13303845197b3f2a2634cb21029f6?s=96&d=mm&r=g","height":96,"width":96}},"publisher":{"@type":"Organization","name":"kujooni.cz","logo":{"@type":"ImageObject","@id":"\/logo.png","url":"\/logo.png","width":600,"height":60}},"image":null,"wordCount":227,"keywords":null},{"@type":"Article","@id":"https:\/\/www.kujooni.cz\/letni-dovadeni-ma-rad-kazdy\/","headline":"Letn\u00ed dov\u00e1d\u011bn\u00ed m\u00e1 r\u00e1d ka\u017ed\u00fd","url":"https:\/\/www.kujooni.cz\/letni-dovadeni-ma-rad-kazdy\/","datePublished":"2025-07-20","dateModified":"2025-07-20","mainEntityOfPage":"https:\/\/www.kujooni.cz\/letni-dovadeni-ma-rad-kazdy\/","author":{"@type":"Person","@id":"https:\/\/www.kujooni.cz\/author\/#Person","name":"","url":"https:\/\/www.kujooni.cz\/author\/","identifier":1,"image":{"@type":"ImageObject","@id":"https:\/\/secure.gravatar.com\/avatar\/4b051168bd2ace843d503d3432ebc4a96ac13303845197b3f2a2634cb21029f6?s=96&d=mm&r=g","url":"https:\/\/secure.gravatar.com\/avatar\/4b051168bd2ace843d503d3432ebc4a96ac13303845197b3f2a2634cb21029f6?s=96&d=mm&r=g","height":96,"width":96}},"publisher":{"@type":"Organization","name":"kujooni.cz","logo":{"@type":"ImageObject","@id":"\/logo.png","url":"\/logo.png","width":600,"height":60}},"image":null,"wordCount":255,"keywords":null},{"@type":"Article","@id":"https:\/\/www.kujooni.cz\/inovace-na-dosah-ruky\/","headline":"Inovace na dosah ruky","url":"https:\/\/www.kujooni.cz\/inovace-na-dosah-ruky\/","datePublished":"2025-07-12","dateModified":"2025-07-12","mainEntityOfPage":"https:\/\/www.kujooni.cz\/inovace-na-dosah-ruky\/","author":{"@type":"Person","@id":"https:\/\/www.kujooni.cz\/author\/#Person","name":"","url":"https:\/\/www.kujooni.cz\/author\/","identifier":1,"image":{"@type":"ImageObject","@id":"https:\/\/secure.gravatar.com\/avatar\/4b051168bd2ace843d503d3432ebc4a96ac13303845197b3f2a2634cb21029f6?s=96&d=mm&r=g","url":"https:\/\/secure.gravatar.com\/avatar\/4b051168bd2ace843d503d3432ebc4a96ac13303845197b3f2a2634cb21029f6?s=96&d=mm&r=g","height":96,"width":96}},"publisher":{"@type":"Organization","name":"kujooni.cz","logo":{"@type":"ImageObject","@id":"\/logo.png","url":"\/logo.png","width":600,"height":60}},"image":null,"wordCount":205,"keywords":null},{"@type":"Article","@id":"https:\/\/www.kujooni.cz\/na-co-si-dat-pozor-pri-prodeji-domu-v-kladne\/","headline":"Na co si d\u00e1t pozor p\u0159i prodeji domu v Kladn\u011b?","url":"https:\/\/www.kujooni.cz\/na-co-si-dat-pozor-pri-prodeji-domu-v-kladne\/","datePublished":"2025-07-08","dateModified":"2025-07-08","mainEntityOfPage":"https:\/\/www.kujooni.cz\/na-co-si-dat-pozor-pri-prodeji-domu-v-kladne\/","author":{"@type":"Person","@id":"https:\/\/www.kujooni.cz\/author\/#Person","name":"","url":"https:\/\/www.kujooni.cz\/author\/","identifier":1,"image":{"@type":"ImageObject","@id":"https:\/\/secure.gravatar.com\/avatar\/4b051168bd2ace843d503d3432ebc4a96ac13303845197b3f2a2634cb21029f6?s=96&d=mm&r=g","url":"https:\/\/secure.gravatar.com\/avatar\/4b051168bd2ace843d503d3432ebc4a96ac13303845197b3f2a2634cb21029f6?s=96&d=mm&r=g","height":96,"width":96}},"publisher":{"@type":"Organization","name":"kujooni.cz","logo":{"@type":"ImageObject","@id":"\/logo.png","url":"\/logo.png","width":600,"height":60}},"image":{"@type":"ImageObject","@id":"https:\/\/www.kujooni.cz\/wp-content\/uploads\/tierra-mallorca-rgJ1J8SDEAY-unsplash_10_1.jpg","url":"https:\/\/www.kujooni.cz\/wp-content\/uploads\/tierra-mallorca-rgJ1J8SDEAY-unsplash_10_1.jpg","height":0,"width":0},"wordCount":731,"keywords":null},{"@type":"Article","@id":"https:\/\/www.kujooni.cz\/kvalitni-prezentace\/","headline":"Kvalitn\u00ed prezentace","url":"https:\/\/www.kujooni.cz\/kvalitni-prezentace\/","datePublished":"2025-07-06","dateModified":"2025-07-06","mainEntityOfPage":"https:\/\/www.kujooni.cz\/kvalitni-prezentace\/","author":{"@type":"Person","@id":"https:\/\/www.kujooni.cz\/author\/#Person","name":"","url":"https:\/\/www.kujooni.cz\/author\/","identifier":1,"image":{"@type":"ImageObject","@id":"https:\/\/secure.gravatar.com\/avatar\/4b051168bd2ace843d503d3432ebc4a96ac13303845197b3f2a2634cb21029f6?s=96&d=mm&r=g","url":"https:\/\/secure.gravatar.com\/avatar\/4b051168bd2ace843d503d3432ebc4a96ac13303845197b3f2a2634cb21029f6?s=96&d=mm&r=g","height":96,"width":96}},"publisher":{"@type":"Organization","name":"kujooni.cz","logo":{"@type":"ImageObject","@id":"\/logo.png","url":"\/logo.png","width":600,"height":60}},"image":null,"wordCount":219,"keywords":null}]},{"@context":"https:\/\/schema.org","@type":"WebSite","@id":"https:\/\/www.kujooni.cz\/#website","name":"Kujooni","url":"https:\/\/www.kujooni.cz","potentialAction":{"@type":"SearchAction","target":"https:\/\/www.kujooni.cz\/?s={search_term_string}","query-input":"required name=search_term_string"}}]