[{"@context":"https:\/\/schema.org\/","@type":"Article","@id":"https:\/\/www.kujooni.cz\/cenzori-budou-sedet\/#Article","mainEntityOfPage":"https:\/\/www.kujooni.cz\/cenzori-budou-sedet\/","headline":"Cenzo\u0159i budou sed\u011bt","name":"Cenzo\u0159i budou sed\u011bt","description":"S t\u00edmto n\u00e1vrhem p\u0159i\u0161el V\u00e1clav Klaus mlad\u0161\u00ed. Ten, co byl l\u00e9ta zalezl\u00fd v zemi jako krtek a ani se neukazoval. Najednou se anga\u017euje skoro ve v\u0161em, a v\u0161emu rozum\u00ed jako jeho otec. Zvl\u00e1\u0161tn\u00ed je, \u017ee j\u00e1 s v\u011bt\u0161inou jeho n\u00e1zor\u016f souhlas\u00edm. S t\u00edmhle tak\u00e9. T\u00edm mysl\u00edm svobodu slova a n\u00e1zoru. V\u0161echny by zaj\u00edmalo, jak\u00fdmi p\u00e1kami [&hellip;]","datePublished":"2018-12-11","dateModified":"2018-12-11","author":{"@type":"Person","@id":"https:\/\/www.kujooni.cz\/author\/#Person","name":"","url":"https:\/\/www.kujooni.cz\/author\/","identifier":1,"image":{"@type":"ImageObject","@id":"https:\/\/secure.gravatar.com\/avatar\/4b051168bd2ace843d503d3432ebc4a96ac13303845197b3f2a2634cb21029f6?s=96&d=mm&r=g","url":"https:\/\/secure.gravatar.com\/avatar\/4b051168bd2ace843d503d3432ebc4a96ac13303845197b3f2a2634cb21029f6?s=96&d=mm&r=g","height":96,"width":96}},"publisher":{"@type":"Organization","name":"kujooni.cz","logo":{"@type":"ImageObject","@id":"\/logo.png","url":"\/logo.png","width":600,"height":60}},"image":{"@type":"ImageObject","@id":"https:\/\/www.kujooni.cz\/wp-content\/uploads\/img_a336524_w2807_t1549911873.jpg","url":"https:\/\/www.kujooni.cz\/wp-content\/uploads\/img_a336524_w2807_t1549911873.jpg","height":0,"width":0},"url":"https:\/\/www.kujooni.cz\/cenzori-budou-sedet\/","wordCount":425,"articleBody":"S t\u00edmto n\u00e1vrhem p\u0159i\u0161el V\u00e1clav Klaus mlad\u0161\u00ed. Ten, co byl l\u00e9ta zalezl\u00fd v zemi jako krtek a ani se neukazoval. Najednou se anga\u017euje skoro ve v\u0161em, a v\u0161emu rozum\u00ed jako jeho otec. Zvl\u00e1\u0161tn\u00ed je, \u017ee j\u00e1 s v\u011bt\u0161inou jeho n\u00e1zor\u016f souhlas\u00edm. S t\u00edmhle tak\u00e9. T\u00edm mysl\u00edm svobodu slova a n\u00e1zoru.V\u0161echny by zaj\u00edmalo, jak\u00fdmi p\u00e1kami toho chce Klaus mlad\u0161\u00ed dos\u00e1hnout. Pokud budeme mluvit jen o FB, tak majitel nen\u00ed \u010cech, ergo nespad\u00e1 pod na\u0161i jurisdikci. Jeho zam\u011bstnanci, mysl\u00edm t\u00edm cenzo\u0159i, tak\u00e9 ne. Maj\u00ed sv\u00e9 z\u00e1kony. To \u017ee jsou na prvn\u00edm m\u00edst\u011b pen\u00edze nebudeme nyn\u00ed glosovat.Dal\u0161\u00ed v\u011bc je tak\u00e9 v\u011bc\u00ed pr\u00e1vn\u00edk\u016f. Jako majitel jmenovan\u00e9 s\u00edt\u011b si s\u00e1m m\u016f\u017ee ur\u010dit hranice, co na \u201esv\u00e9\u201c s\u00edti chce, pota\u017emo, co tam b\u00fdt m\u016f\u017ee nebo nem\u016f\u017ee. Pokud to n\u011bkam uvede, a vy jako u\u017eivatel d\u00e1te souhlas, mus\u00edte toto, \u0159ekn\u011bme pravidlo, dodr\u017eovat a to striktn\u011b. Zak\u00e1\u017ee-li Facebook jako takov\u00fd ps\u00e1t o slepic\u00edch a vejc\u00edch, nesm\u00edte takov\u00e9 p\u0159\u00edsp\u011bvky d\u00e1vat, proto\u017ee t\u00edm poru\u0161ujete z\u00e1kladn\u00ed pravidlo majitele s\u00edt\u011b. Tak\u017ee co d\u00e1l?Majitel, respektive cenzor to sm\u00e1zne, a vy se p\u016fjdete soudit do Haagu? Mysl\u00edm, \u017ee asi ne.J\u00e1 v\u00edm, jak to pan Klaus mlad\u0161\u00ed mysl\u00ed a fand\u00edm mu, aby to pro\u0161lo. Jednozna\u010dn\u011b by se v\u0161ak muselo prok\u00e1zat, \u017ee cenzor smaz\u00e1n\u00edm poru\u0161il pr\u00e1va a svobody dot\u010den\u00e9ho. Zde by pak m\u011bl n\u00e1sledovat trest, tedy jak zm\u00edn\u011bn\u00fd p\u00e1n navrhuje, a\u017e pades\u00e1t milion\u016f, nebo do \u017eal\u00e1\u0159e.Nebudu zde rozeb\u00edrat populismus, z\u016fstaneme mimo politiku. Ale sm\u011ble si m\u016f\u017eeme r\u00fdpnout, \u017ee takov\u00e9 n\u00e1vrhy ji\u017e kdysi byly a n\u011bjak\u00fdm z\u00e1hadn\u00fdm zp\u016fsobem \u201eza\u0161ly na \u00fabyt\u011b\u201c.J\u00e1 jsem tak\u00e9 proti cenzu\u0159e a zcela jist\u011b nejsem s\u00e1m. Ale ona je n\u011bkdy hodn\u011b pot\u0159eba. V\u00edm, o \u010dem p\u00ed\u0161i. Vlastn\u00ed zku\u0161enost z jist\u00e9ho webu, kam jsem pravideln\u011b p\u0159isp\u00edval. Tam v\u00e1\u0161 n\u00e1zor smazali, ani\u017e by jakkoli poru\u0161oval na\u0161e z\u00e1kony, \u010di jejich intern\u00ed.A nav\u00edc, po p\u00e1du komunist\u016f jsme byli r\u00e1di, \u017ee jsme se cenzury zbavili. Opravdu ji chceme znova?                                                                                                                                                                                                                                                                                                                                                                                                "},{"@context":"https:\/\/schema.org\/","@type":"BreadcrumbList","itemListElement":[{"@type":"ListItem","position":1,"name":"Cenzo\u0159i budou sed\u011bt","item":"https:\/\/www.kujooni.cz\/cenzori-budou-sedet\/#breadcrumbitem"}]}]