[{"@context":"https:\/\/schema.org\/","@type":"Article","@id":"https:\/\/www.kujooni.cz\/kdy-si-pozvat-k-sobe-profesionala-z-barber-shopu-v-dejvicich\/#Article","mainEntityOfPage":"https:\/\/www.kujooni.cz\/kdy-si-pozvat-k-sobe-profesionala-z-barber-shopu-v-dejvicich\/","headline":"Kdy si pozvat k sob\u011b profesion\u00e1la z Barber shopu v Dejvic\u00edch","name":"Kdy si pozvat k sob\u011b profesion\u00e1la z Barber shopu v Dejvic\u00edch","description":"Barber shop v Dejvic\u00edch je slu\u017eba profesion\u00e1ln\u00edho p\u0159ev\u00e1\u017en\u011b p\u00e1nsk\u00e9ho kade\u0159n\u00edka (barbera), kter\u00fd ji prov\u00e1d\u00ed na sv\u00e9m pracovi\u0161ti kade\u0159nick\u00e9ho sal\u00f3nu. Existuje v\u0161ak i mo\u017enost, \u017ee si kade\u0159n\u00edky p\u0159izvete k v\u00e1m vy, a to p\u0159i vhodn\u00fdch p\u0159\u00edle\u017eitostech, zpravidla pro hromadn\u00e9 akce. Kdy lze t\u011bchto situac\u00ed vyu\u017e\u00edt? Lid\u00e9 \u0161patn\u011b pohybliv\u00ed \u2013 lid\u00e9, kte\u0159\u00ed jsou odk\u00e1z\u00e1ni na invalidn\u00ed voz\u00edk, [&hellip;]","datePublished":"2024-07-27","dateModified":"2024-07-27","author":{"@type":"Person","@id":"https:\/\/www.kujooni.cz\/author\/#Person","name":"","url":"https:\/\/www.kujooni.cz\/author\/","identifier":1,"image":{"@type":"ImageObject","@id":"https:\/\/secure.gravatar.com\/avatar\/4b051168bd2ace843d503d3432ebc4a96ac13303845197b3f2a2634cb21029f6?s=96&d=mm&r=g","url":"https:\/\/secure.gravatar.com\/avatar\/4b051168bd2ace843d503d3432ebc4a96ac13303845197b3f2a2634cb21029f6?s=96&d=mm&r=g","height":96,"width":96}},"publisher":{"@type":"Organization","name":"kujooni.cz","logo":{"@type":"ImageObject","@id":"\/logo.png","url":"\/logo.png","width":600,"height":60}},"image":{"@type":"ImageObject","@id":"https:\/\/www.kujooni.cz\/wp-content\/uploads\/sign-2507732_640.jpg","url":"https:\/\/www.kujooni.cz\/wp-content\/uploads\/sign-2507732_640.jpg","height":0,"width":0},"url":"https:\/\/www.kujooni.cz\/kdy-si-pozvat-k-sobe-profesionala-z-barber-shopu-v-dejvicich\/","about":["Byznys"],"wordCount":420,"articleBody":"          Barber shop v Dejvic\u00edch je slu\u017eba profesion\u00e1ln\u00edho p\u0159ev\u00e1\u017en\u011b p\u00e1nsk\u00e9ho kade\u0159n\u00edka (barbera), kter\u00fd ji prov\u00e1d\u00ed na sv\u00e9m pracovi\u0161ti kade\u0159nick\u00e9ho sal\u00f3nu. Existuje v\u0161ak i mo\u017enost, \u017ee si kade\u0159n\u00edky p\u0159izvete k v\u00e1m vy, a to p\u0159i vhodn\u00fdch p\u0159\u00edle\u017eitostech, zpravidla pro hromadn\u00e9 akce. Kdy lze t\u011bchto situac\u00ed vyu\u017e\u00edt?Lid\u00e9 \u0161patn\u011b pohybliv\u00ed \u2013 lid\u00e9, kte\u0159\u00ed jsou odk\u00e1z\u00e1ni na invalidn\u00ed voz\u00edk, anebo jsou dlouhodob\u011b upout\u00e1ni na l\u016f\u017eko z d\u016fvodu t\u011b\u017ek\u00e9ho \u00farazu \u010di onemocn\u011bn\u00ed, si mohou profesion\u00e1la pozvat do bytu, co\u017e jim usnadn\u00ed spoustu starost\u00ed.Svatby \u2013 aby svateb\u010dan\u00e9 vypadali na svatebn\u00edch fotk\u00e1ch k sv\u011btu, m\u011bl by si profesion\u00e1ln\u00ed barber d\u00e1t z\u00e1le\u017eet a vz\u00edt \u201edo par\u00e1dy\u201c ka\u017ed\u00e9ho jednotlivce \u2013 mu\u017ee, d\u011bti i \u017eeny bez ohledu na v\u011bk. \u00da\u010desy na svatb\u00e1ch jsou jednou z nejd\u016fle\u017eit\u011bj\u0161\u00edch v\u011bc\u00ed, kter\u00e1 se nesm\u00ed opom\u00edjet, svatba je p\u0159ece jen nejkr\u00e1sn\u011bj\u0161\u00edm dnem v roce, a byla by \u0161koda ji pokazit.M\u00f3dn\u00ed p\u0159ehl\u00eddka \u2013 chyst\u00e1te m\u00f3dn\u00ed p\u0159ehl\u00eddku a r\u00e1di byste dbali o to, aby modelky a modely m\u011bli vlasy \u010di vousy upraven\u00e9 podle va\u0161eho gusta? A p\u016fjde o v\u011bt\u0161\u00ed po\u010det osob, tak\u017ee by musely v Barber shopu zbyte\u010dn\u011b \u010dekat, a\u017e p\u0159ijdou na \u0159adu? Pozv\u011bte barbera k v\u00e1m, tam nav\u00edc m\u016f\u017eete sledovat jeho pr\u00e1ci u ka\u017ed\u00e9ho z model\u016f a m\u016f\u017eete se jimi inspirovat nebo m\u00edt n\u011bjak\u00e9 p\u0159ipom\u00ednky \u010di n\u00e1vrhy. Takov\u00e9to pr\u00e1ce na zak\u00e1zku jsou v\u017edy v\u00fdhodn\u00e9 hlavn\u011b kv\u016fli lep\u0161\u00ed komunikaci a p\u0159ehledu, kde m\u00e1te v\u0161e dob\u0159e pod kontrolou.Sportovn\u00ed akce \u2013 chyst\u00e1te se na sportovn\u00ed soust\u0159ed\u011bn\u00ed va\u0161eho vod\u00e1ck\u00e9ho odd\u00edlu, anebo se bl\u00ed\u017e\u00ed term\u00edn odjezdu do Him\u00e1laj\u00ed s va\u0161\u00ed horolezeckou v\u00fdpravou, a cht\u011bli byste p\u0159ed odjezdem absolvovat hromadnou \u00fapravu vlas\u016f a vous\u016f, aby to bylo stylov\u00e9 a odpov\u00eddalo to va\u0161\u00ed skupinov\u00e9 image? Toto je v\u00fdhodn\u00e9 hlavn\u011b u skupin v\u00edce osob, kter\u00e9 cht\u011bj\u00ed stejn\u00fd sest\u0159ih od jednoho kade\u0159n\u00edka. M\u016f\u017ee se to t\u00fdkat i fotbalov\u00fdch \u010di hokejov\u00fdch mu\u017estev, kde se velmi \u010dasto vyskytuj\u00ed i del\u0161\u00ed vousy.                                                                                                                                                                                                                                                                                                                                                                                                  "},{"@context":"https:\/\/schema.org\/","@type":"BreadcrumbList","itemListElement":[{"@type":"ListItem","position":1,"name":"Kdy si pozvat k sob\u011b profesion\u00e1la z Barber shopu v Dejvic\u00edch","item":"https:\/\/www.kujooni.cz\/kdy-si-pozvat-k-sobe-profesionala-z-barber-shopu-v-dejvicich\/#breadcrumbitem"}]}]