[{"@context":"https:\/\/schema.org\/","@type":"Article","@id":"https:\/\/www.kujooni.cz\/myslela-jste-ze-to-pujde\/#Article","mainEntityOfPage":"https:\/\/www.kujooni.cz\/myslela-jste-ze-to-pujde\/","headline":"Myslela jste, \u017ee to p\u016fjde","name":"Myslela jste, \u017ee to p\u016fjde","description":"Nejd\u0159\u00edve jste si \u0159\u00edkala, \u017ee to ur\u010dit\u011b zvl\u00e1dnete, proto\u017ee kdy\u017e to zvl\u00e1dlo tolik lid\u00ed p\u0159ed v\u00e1mi, tak to p\u0159eci nem\u016f\u017ee b\u00fdt \u017e\u00e1dn\u00e1 v\u011bda, se kterou byste nedok\u00e1zala hnout. Nicm\u00e9n\u011b nyn\u00ed, kdy\u017e nad t\u00edm st\u00e1le v\u00edce p\u0159em\u00fd\u0161l\u00edte, koum\u00e1te, jak na to a diskutujete o t\u00e9matu s\u00a0ostatn\u00edmi, tak st\u00e1le v\u00edce zji\u0161\u0165ujete onu nep\u0159\u00edjemnou skute\u010dnost, \u017ee vy prost\u011b [&hellip;]","datePublished":"2024-11-06","dateModified":"2024-11-06","author":{"@type":"Person","@id":"https:\/\/www.kujooni.cz\/author\/#Person","name":"","url":"https:\/\/www.kujooni.cz\/author\/","identifier":1,"image":{"@type":"ImageObject","@id":"https:\/\/secure.gravatar.com\/avatar\/4b051168bd2ace843d503d3432ebc4a96ac13303845197b3f2a2634cb21029f6?s=96&d=mm&r=g","url":"https:\/\/secure.gravatar.com\/avatar\/4b051168bd2ace843d503d3432ebc4a96ac13303845197b3f2a2634cb21029f6?s=96&d=mm&r=g","height":96,"width":96}},"publisher":{"@type":"Organization","name":"kujooni.cz","logo":{"@type":"ImageObject","@id":"\/logo.png","url":"\/logo.png","width":600,"height":60}},"url":"https:\/\/www.kujooni.cz\/myslela-jste-ze-to-pujde\/","wordCount":264,"articleBody":"\tNejd\u0159\u00edve jste si \u0159\u00edkala, \u017ee to ur\u010dit\u011b zvl\u00e1dnete, proto\u017ee kdy\u017e to zvl\u00e1dlo tolik lid\u00ed p\u0159ed v\u00e1mi, tak to p\u0159eci nem\u016f\u017ee b\u00fdt \u017e\u00e1dn\u00e1 v\u011bda, se kterou byste nedok\u00e1zala hnout. Nicm\u00e9n\u011b nyn\u00ed, kdy\u017e nad t\u00edm st\u00e1le v\u00edce p\u0159em\u00fd\u0161l\u00edte, koum\u00e1te, jak na to a diskutujete o t\u00e9matu s\u00a0ostatn\u00edmi, tak st\u00e1le v\u00edce zji\u0161\u0165ujete onu nep\u0159\u00edjemnou skute\u010dnost, \u017ee vy prost\u011b nev\u00edte, jak ps\u00e1t semin\u00e1rn\u00ed pr\u00e1ci, a u\u017e v\u016fbec nev\u00edte, jak to ud\u011blat tak, aby to pokud mo\u017eno dopadlo kdy\u017e u\u017e ne co nejl\u00e9pe, tak alespo\u0148 dostate\u010dn\u011b, aby v\u00e1m va\u0161e d\u00edlo bylo uzn\u00e1no a v\u00e1\u0161 zadan\u00fd \u00fakol byl spln\u011bn.\tNic nech\u00e1peteA nejhor\u0161\u00ed na tom v\u0161em je, \u017ee si nyn\u00ed p\u0159ipad\u00e1te jako skute\u010dn\u00fd hlup\u00e1k, proto\u017ee v\u0161ichni ostatn\u00ed to pochopili, a i kdy\u017e jste se jich p\u0159\u00edmo zeptala na jejich radu, tak vy to st\u00e1le nech\u00e1pete, ani nech\u00e1pete zad\u00e1n\u00ed, ani t\u00e9ma sv\u00e9 pr\u00e1ce, tak\u017ee vlastn\u011b v\u016fbec nev\u00edte, co m\u00e1te d\u011blat, ale u\u017e se tak trochu styd\u00edte se na to op\u011bt n\u011bkoho vypt\u00e1vat, aby si o v\u00e1s nakonec spolu\u017e\u00e1ci neza\u010dali \u0159\u00edkat, \u017ee jste hloup\u00e1 a tak podobn\u011b. Tak\u017ee nejlep\u0161\u00ed bude, kdy\u017e si najdete n\u011bjak\u00e9ho spojence na internetu, jist\u011b tam bude n\u011bkdo, kdo v\u00e1m za \u00faplatu pom\u016f\u017ee.                                                                                                                                                                                                                                                                                                                                                                                                "},{"@context":"https:\/\/schema.org\/","@type":"BreadcrumbList","itemListElement":[{"@type":"ListItem","position":1,"name":"Myslela jste, \u017ee to p\u016fjde","item":"https:\/\/www.kujooni.cz\/myslela-jste-ze-to-pujde\/#breadcrumbitem"}]}]