[{"@context":"https:\/\/schema.org\/","@type":"Article","@id":"https:\/\/www.kujooni.cz\/vas-byt-bude-razem-krasny-a-utulny\/#Article","mainEntityOfPage":"https:\/\/www.kujooni.cz\/vas-byt-bude-razem-krasny-a-utulny\/","headline":"V\u00e1\u0161 byt bude r\u00e1zem kr\u00e1sn\u00fd a \u00fatuln\u00fd","name":"V\u00e1\u0161 byt bude r\u00e1zem kr\u00e1sn\u00fd a \u00fatuln\u00fd","description":"A\u0165 u\u017e se jedn\u00e1 o architekturu, zv\u00ed\u0159ata, lidi, nebo kv\u011btinov\u00fd motiv, tak u n\u00e1s si zaru\u010den\u011b vyberete. Va\u0161i rodinnou fotografii v\u00e1m tak\u00e9 na pl\u00e1tno r\u00e1di p\u0159etvo\u0159\u00edme. Obraz do ob\u00fdv\u00e1ku je skv\u011bl\u00fdm prost\u0159edkem pro ide\u00e1ln\u00ed dekoraci do interi\u00e9ru a krom\u011b kvalitn\u00edho produktu podle va\u0161eho v\u00fdb\u011bru v\u00e1m nab\u00edz\u00edme tak\u00e9 skv\u011bl\u00e9 slu\u017eby a v\u00fdhodnou cenu. Vyu\u017e\u00edt u n\u00e1s [&hellip;]","datePublished":"2025-01-13","dateModified":"2025-01-13","author":{"@type":"Person","@id":"https:\/\/www.kujooni.cz\/author\/#Person","name":"","url":"https:\/\/www.kujooni.cz\/author\/","identifier":1,"image":{"@type":"ImageObject","@id":"https:\/\/secure.gravatar.com\/avatar\/4b051168bd2ace843d503d3432ebc4a96ac13303845197b3f2a2634cb21029f6?s=96&d=mm&r=g","url":"https:\/\/secure.gravatar.com\/avatar\/4b051168bd2ace843d503d3432ebc4a96ac13303845197b3f2a2634cb21029f6?s=96&d=mm&r=g","height":96,"width":96}},"publisher":{"@type":"Organization","name":"kujooni.cz","logo":{"@type":"ImageObject","@id":"\/logo.png","url":"\/logo.png","width":600,"height":60}},"url":"https:\/\/www.kujooni.cz\/vas-byt-bude-razem-krasny-a-utulny\/","wordCount":233,"articleBody":" A\u0165 u\u017e se jedn\u00e1 o architekturu, zv\u00ed\u0159ata, lidi, nebo kv\u011btinov\u00fd motiv, tak u n\u00e1s si zaru\u010den\u011b vyberete. Va\u0161i rodinnou fotografii v\u00e1m tak\u00e9 na pl\u00e1tno r\u00e1di p\u0159etvo\u0159\u00edme. Obraz do ob\u00fdv\u00e1ku je skv\u011bl\u00fdm prost\u0159edkem pro ide\u00e1ln\u00ed dekoraci do interi\u00e9ru a krom\u011b kvalitn\u00edho produktu podle va\u0161eho v\u00fdb\u011bru v\u00e1m nab\u00edz\u00edme tak\u00e9 skv\u011bl\u00e9 slu\u017eby a v\u00fdhodnou cenu. Vyu\u017e\u00edt u n\u00e1s m\u016f\u017eete dopravu a platbu zdarma, \u00fasporu a\u017e 16 % z ceny s n\u00e1kupem v\u00edce kus\u016f, ale tak\u00e9 mo\u017enost vr\u00e1tit zbo\u017e\u00ed do 14 dn\u016f, pokud s n\u00edm nebudete naprosto spokojeni. A to p\u0159edev\u0161\u00edm proto, \u017ee je pro n\u00e1s va\u0161e spokojenost prioritou. Vyb\u00edrejte ze stovek mo\u017enost\u00ed P\u0159i v\u00fdb\u011bru fotografie m\u016f\u017eete vyb\u00edrat z na\u0161\u00ed nab\u00eddky, kter\u00e1 v\u00e1m nab\u00edz\u00ed stovky nejr\u016fzn\u011bj\u0161\u00edch mo\u017enost\u00ed, a to barevn\u00fdch i \u010dernob\u00edl\u00fdch. Krom\u011b toho v\u00e1m ale tak\u00e9 d\u00e1v\u00e1me mo\u017enost p\u0159ij\u00edt s vlastn\u00ed fotkou, kterou v\u00e1m vytiskneme na pl\u00e1tno, abyste mohli b\u00fdt ve sv\u00e9m interi\u00e9ru jednu z mnoha \u0161\u0165astn\u00fdch vzpom\u00ednek. Sta\u010d\u00ed, abyste n\u00e1m sd\u011blili sv\u00e9 p\u0159\u00e1n\u00ed a po\u017eadavky, a my se v\u00e1m pokus\u00edme zcela vyhov\u011bt.                                                                                                                                                                                                                                                                                                                                                                                                "},{"@context":"https:\/\/schema.org\/","@type":"BreadcrumbList","itemListElement":[{"@type":"ListItem","position":1,"name":"V\u00e1\u0161 byt bude r\u00e1zem kr\u00e1sn\u00fd a \u00fatuln\u00fd","item":"https:\/\/www.kujooni.cz\/vas-byt-bude-razem-krasny-a-utulny\/#breadcrumbitem"}]}]